{"id":2666,"date":"2024-07-31T12:32:04","date_gmt":"2024-07-31T10:32:04","guid":{"rendered":"https:\/\/www.taxapa.com\/taxapa-day-2q-2024\/"},"modified":"2025-03-11T14:21:13","modified_gmt":"2025-03-11T13:21:13","slug":"taxapa-day-2q-2024","status":"publish","type":"post","link":"https:\/\/www.taxapa.com\/sk\/taxapa-day-2q-2024\/","title":{"rendered":"TaXaPa Day &#8211; 2Q\/2024"},"content":{"rendered":"\n<p class=\"has-text-align-center has-taxapa-blue-color has-text-color has-link-color has-regular-font-size wp-elements-4a06e90cfba167d313018934057e9958\">Hor\u00face pr\u00e1zdninov\u00e9 dni sa za\u010dali a napriek pl\u00e1novan\u00fdm dovolenk\u00e1m sme si na\u0161li \u010das na n\u00e1\u0161 tradi\u010dn\u00fd TaXaPa day (workshop). Toto celodenn\u00e9 stretnutie n\u00e1m pom\u00e1ha spolo\u010dne a efekt\u00edvne zhrn\u00fa\u0165 v\u00fdsledky za uplynul\u00e9 obdobie. Takisto n\u00e1m d\u00e1va priestor na podrobn\u00e9 diskusie o otvoren\u00fdch t\u00e9mach s cel\u00fdm t\u00edmom.  <\/p>\n\n<p class=\"has-text-align-center has-taxapa-blue-color has-text-color has-link-color has-regular-font-size wp-elements-19fb2e707e7b47c038d9c48ad5334f42\">\u00daspe\u0161n\u00fd druh\u00fd \u0161tvr\u0165rok je za nami, ale mus\u00edme sa pripravi\u0165 na \u010fal\u0161ie obdobie, ktor\u00e9 m\u00f4\u017ee prinies\u0165 nov\u00e9 v\u00fdzvy a zmeny.<\/p>\n\n<p class=\"has-text-align-center has-taxapa-blue-color has-text-color has-link-color has-regular-font-size wp-elements-e3f77001fe702a011805e69dea31dc7c\">Tento workshop nie je len o pr\u00e1ci, ale aj o tom, aby sme boli spolu ako t\u00edm. Tento produkt\u00edvny de\u0148 sme zakon\u010dili vynikaj\u00facou spolo\u010dnou ve\u010derou. <\/p>\n\n<p class=\"has-text-align-center has-taxapa-blue-color has-text-color has-link-color has-regular-font-size wp-elements-7867677553c67239a6f6e14cd7566119\">T\u00edm TAXAPA \u2013 Things are getting better with us!<\/p>\n\n<p><\/p>\n","protected":false},"excerpt":{"rendered":"<p>Hor\u00face pr\u00e1zdninov\u00e9 dni sa za\u010dali a napriek pl\u00e1novan\u00fdm dovolenk\u00e1m sme si na\u0161li \u010das na n\u00e1\u0161 tradi\u010dn\u00fd TaXaPa day (workshop). Toto celodenn\u00e9 stretnutie n\u00e1m pom\u00e1ha spolo\u010dne a efekt\u00edvne zhrn\u00fa\u0165 v\u00fdsledky za uplynul\u00e9 obdobie. Takisto n\u00e1m d\u00e1va priestor na podrobn\u00e9 diskusie o otvoren\u00fdch t\u00e9mach s cel\u00fdm t\u00edmom. \u00daspe\u0161n\u00fd druh\u00fd \u0161tvr\u0165rok je za nami, ale mus\u00edme sa pripravi\u0165 [&hellip;]<\/p>\n","protected":false},"author":2,"featured_media":2543,"comment_status":"closed","ping_status":"open","sticky":false,"template":"","format":"standard","meta":{"footnotes":""},"categories":[28],"tags":[],"class_list":["post-2666","post","type-post","status-publish","format-standard","has-post-thumbnail","hentry","category-novinky"],"yoast_head":"<!-- This site is optimized with the Yoast SEO plugin v26.6 - https:\/\/yoast.com\/wordpress\/plugins\/seo\/ -->\n<title>TaXaPa Day - 2Q\/2024 - TaXaPa<\/title>\n<meta name=\"robots\" content=\"index, follow, max-snippet:-1, max-image-preview:large, max-video-preview:-1\" \/>\n<link rel=\"canonical\" href=\"https:\/\/www.taxapa.com\/sk\/taxapa-day-2q-2024\/\" \/>\n<meta property=\"og:locale\" content=\"sk_SK\" \/>\n<meta property=\"og:type\" content=\"article\" \/>\n<meta property=\"og:title\" content=\"TaXaPa Day - 2Q\/2024 - TaXaPa\" \/>\n<meta property=\"og:description\" content=\"Hor\u00face pr\u00e1zdninov\u00e9 dni sa za\u010dali a napriek pl\u00e1novan\u00fdm dovolenk\u00e1m sme si na\u0161li \u010das na n\u00e1\u0161 tradi\u010dn\u00fd TaXaPa day (workshop). Toto celodenn\u00e9 stretnutie n\u00e1m pom\u00e1ha spolo\u010dne a efekt\u00edvne zhrn\u00fa\u0165 v\u00fdsledky za uplynul\u00e9 obdobie. Takisto n\u00e1m d\u00e1va priestor na podrobn\u00e9 diskusie o otvoren\u00fdch t\u00e9mach s cel\u00fdm t\u00edmom. \u00daspe\u0161n\u00fd druh\u00fd \u0161tvr\u0165rok je za nami, ale mus\u00edme sa pripravi\u0165 [&hellip;]\" \/>\n<meta property=\"og:url\" content=\"https:\/\/www.taxapa.com\/sk\/taxapa-day-2q-2024\/\" \/>\n<meta property=\"og:site_name\" content=\"TaXaPa\" \/>\n<meta property=\"article:publisher\" content=\"https:\/\/www.facebook.com\/100063938983116\/\" \/>\n<meta property=\"article:published_time\" content=\"2024-07-31T10:32:04+00:00\" \/>\n<meta property=\"article:modified_time\" content=\"2025-03-11T13:21:13+00:00\" \/>\n<meta property=\"og:image\" content=\"https:\/\/www.taxapa.com\/wp-content\/uploads\/2025\/01\/Snimka-obrazovky-2024-07-31-120321.jpg\" \/>\n\t<meta property=\"og:image:width\" content=\"1120\" \/>\n\t<meta property=\"og:image:height\" content=\"636\" \/>\n\t<meta property=\"og:image:type\" content=\"image\/jpeg\" \/>\n<meta name=\"author\" content=\"Taxapa\" \/>\n<meta name=\"twitter:card\" content=\"summary_large_image\" \/>\n<meta name=\"twitter:label1\" content=\"Autor\" \/>\n\t<meta name=\"twitter:data1\" content=\"Taxapa\" \/>\n\t<meta name=\"twitter:label2\" content=\"Predpokladan\u00fd \u010das \u010d\u00edtania\" \/>\n\t<meta name=\"twitter:data2\" content=\"1 min\u00fata\" \/>\n<script type=\"application\/ld+json\" class=\"yoast-schema-graph\">{\"@context\":\"https:\/\/schema.org\",\"@graph\":[{\"@type\":\"Article\",\"@id\":\"https:\/\/www.taxapa.com\/sk\/taxapa-day-2q-2024\/#article\",\"isPartOf\":{\"@id\":\"https:\/\/www.taxapa.com\/sk\/taxapa-day-2q-2024\/\"},\"author\":{\"name\":\"Taxapa\",\"@id\":\"https:\/\/www.taxapa.com\/#\/schema\/person\/cf7716fed3bfa3fb486b0343afaaeba4\"},\"headline\":\"TaXaPa Day &#8211; 2Q\/2024\",\"datePublished\":\"2024-07-31T10:32:04+00:00\",\"dateModified\":\"2025-03-11T13:21:13+00:00\",\"mainEntityOfPage\":{\"@id\":\"https:\/\/www.taxapa.com\/sk\/taxapa-day-2q-2024\/\"},\"wordCount\":135,\"publisher\":{\"@id\":\"https:\/\/www.taxapa.com\/#organization\"},\"image\":{\"@id\":\"https:\/\/www.taxapa.com\/sk\/taxapa-day-2q-2024\/#primaryimage\"},\"thumbnailUrl\":\"https:\/\/www.taxapa.com\/wp-content\/uploads\/2025\/01\/Snimka-obrazovky-2024-07-31-120321.jpg\",\"articleSection\":[\"Novinky\"],\"inLanguage\":\"sk-SK\"},{\"@type\":\"WebPage\",\"@id\":\"https:\/\/www.taxapa.com\/sk\/taxapa-day-2q-2024\/\",\"url\":\"https:\/\/www.taxapa.com\/sk\/taxapa-day-2q-2024\/\",\"name\":\"TaXaPa Day - 2Q\/2024 - TaXaPa\",\"isPartOf\":{\"@id\":\"https:\/\/www.taxapa.com\/#website\"},\"primaryImageOfPage\":{\"@id\":\"https:\/\/www.taxapa.com\/sk\/taxapa-day-2q-2024\/#primaryimage\"},\"image\":{\"@id\":\"https:\/\/www.taxapa.com\/sk\/taxapa-day-2q-2024\/#primaryimage\"},\"thumbnailUrl\":\"https:\/\/www.taxapa.com\/wp-content\/uploads\/2025\/01\/Snimka-obrazovky-2024-07-31-120321.jpg\",\"datePublished\":\"2024-07-31T10:32:04+00:00\",\"dateModified\":\"2025-03-11T13:21:13+00:00\",\"breadcrumb\":{\"@id\":\"https:\/\/www.taxapa.com\/sk\/taxapa-day-2q-2024\/#breadcrumb\"},\"inLanguage\":\"sk-SK\",\"potentialAction\":[{\"@type\":\"ReadAction\",\"target\":[\"https:\/\/www.taxapa.com\/sk\/taxapa-day-2q-2024\/\"]}]},{\"@type\":\"ImageObject\",\"inLanguage\":\"sk-SK\",\"@id\":\"https:\/\/www.taxapa.com\/sk\/taxapa-day-2q-2024\/#primaryimage\",\"url\":\"https:\/\/www.taxapa.com\/wp-content\/uploads\/2025\/01\/Snimka-obrazovky-2024-07-31-120321.jpg\",\"contentUrl\":\"https:\/\/www.taxapa.com\/wp-content\/uploads\/2025\/01\/Snimka-obrazovky-2024-07-31-120321.jpg\",\"width\":1120,\"height\":636},{\"@type\":\"BreadcrumbList\",\"@id\":\"https:\/\/www.taxapa.com\/sk\/taxapa-day-2q-2024\/#breadcrumb\",\"itemListElement\":[{\"@type\":\"ListItem\",\"position\":1,\"name\":\"Home\",\"item\":\"https:\/\/www.taxapa.com\/\"},{\"@type\":\"ListItem\",\"position\":2,\"name\":\"TaXaPa Day &#8211; 2Q\/2024\"}]},{\"@type\":\"WebSite\",\"@id\":\"https:\/\/www.taxapa.com\/#website\",\"url\":\"https:\/\/www.taxapa.com\/\",\"name\":\"TaXaPa\",\"description\":\"\",\"publisher\":{\"@id\":\"https:\/\/www.taxapa.com\/#organization\"},\"potentialAction\":[{\"@type\":\"SearchAction\",\"target\":{\"@type\":\"EntryPoint\",\"urlTemplate\":\"https:\/\/www.taxapa.com\/?s={search_term_string}\"},\"query-input\":{\"@type\":\"PropertyValueSpecification\",\"valueRequired\":true,\"valueName\":\"search_term_string\"}}],\"inLanguage\":\"sk-SK\"},{\"@type\":\"Organization\",\"@id\":\"https:\/\/www.taxapa.com\/#organization\",\"name\":\"TaXaPa\",\"url\":\"https:\/\/www.taxapa.com\/\",\"logo\":{\"@type\":\"ImageObject\",\"inLanguage\":\"sk-SK\",\"@id\":\"https:\/\/www.taxapa.com\/#\/schema\/logo\/image\/\",\"url\":\"https:\/\/www.taxapa.com\/wp-content\/uploads\/2024\/10\/Layer_1.svg\",\"contentUrl\":\"https:\/\/www.taxapa.com\/wp-content\/uploads\/2024\/10\/Layer_1.svg\",\"width\":221,\"height\":79,\"caption\":\"TaXaPa\"},\"image\":{\"@id\":\"https:\/\/www.taxapa.com\/#\/schema\/logo\/image\/\"},\"sameAs\":[\"https:\/\/www.facebook.com\/100063938983116\/\",\"https:\/\/www.linkedin.com\/company\/69509777\/\"]},{\"@type\":\"Person\",\"@id\":\"https:\/\/www.taxapa.com\/#\/schema\/person\/cf7716fed3bfa3fb486b0343afaaeba4\",\"name\":\"Taxapa\",\"image\":{\"@type\":\"ImageObject\",\"inLanguage\":\"sk-SK\",\"@id\":\"https:\/\/www.taxapa.com\/#\/schema\/person\/image\/\",\"url\":\"https:\/\/secure.gravatar.com\/avatar\/4833e2363c5165777f503e2fd63904ed?s=96&r=g\",\"contentUrl\":\"https:\/\/secure.gravatar.com\/avatar\/4833e2363c5165777f503e2fd63904ed?s=96&r=g\",\"caption\":\"Taxapa\"},\"url\":\"https:\/\/www.taxapa.com\/sk\/author\/taxapa\/\"}]}<\/script>\n<!-- \/ Yoast SEO plugin. -->","yoast_head_json":{"title":"TaXaPa Day - 2Q\/2024 - TaXaPa","robots":{"index":"index","follow":"follow","max-snippet":"max-snippet:-1","max-image-preview":"max-image-preview:large","max-video-preview":"max-video-preview:-1"},"canonical":"https:\/\/www.taxapa.com\/sk\/taxapa-day-2q-2024\/","og_locale":"sk_SK","og_type":"article","og_title":"TaXaPa Day - 2Q\/2024 - TaXaPa","og_description":"Hor\u00face pr\u00e1zdninov\u00e9 dni sa za\u010dali a napriek pl\u00e1novan\u00fdm dovolenk\u00e1m sme si na\u0161li \u010das na n\u00e1\u0161 tradi\u010dn\u00fd TaXaPa day (workshop). Toto celodenn\u00e9 stretnutie n\u00e1m pom\u00e1ha spolo\u010dne a efekt\u00edvne zhrn\u00fa\u0165 v\u00fdsledky za uplynul\u00e9 obdobie. Takisto n\u00e1m d\u00e1va priestor na podrobn\u00e9 diskusie o otvoren\u00fdch t\u00e9mach s cel\u00fdm t\u00edmom. \u00daspe\u0161n\u00fd druh\u00fd \u0161tvr\u0165rok je za nami, ale mus\u00edme sa pripravi\u0165 [&hellip;]","og_url":"https:\/\/www.taxapa.com\/sk\/taxapa-day-2q-2024\/","og_site_name":"TaXaPa","article_publisher":"https:\/\/www.facebook.com\/100063938983116\/","article_published_time":"2024-07-31T10:32:04+00:00","article_modified_time":"2025-03-11T13:21:13+00:00","og_image":[{"width":1120,"height":636,"url":"https:\/\/www.taxapa.com\/wp-content\/uploads\/2025\/01\/Snimka-obrazovky-2024-07-31-120321.jpg","type":"image\/jpeg"}],"author":"Taxapa","twitter_card":"summary_large_image","twitter_misc":{"Autor":"Taxapa","Predpokladan\u00fd \u010das \u010d\u00edtania":"1 min\u00fata"},"schema":{"@context":"https:\/\/schema.org","@graph":[{"@type":"Article","@id":"https:\/\/www.taxapa.com\/sk\/taxapa-day-2q-2024\/#article","isPartOf":{"@id":"https:\/\/www.taxapa.com\/sk\/taxapa-day-2q-2024\/"},"author":{"name":"Taxapa","@id":"https:\/\/www.taxapa.com\/#\/schema\/person\/cf7716fed3bfa3fb486b0343afaaeba4"},"headline":"TaXaPa Day &#8211; 2Q\/2024","datePublished":"2024-07-31T10:32:04+00:00","dateModified":"2025-03-11T13:21:13+00:00","mainEntityOfPage":{"@id":"https:\/\/www.taxapa.com\/sk\/taxapa-day-2q-2024\/"},"wordCount":135,"publisher":{"@id":"https:\/\/www.taxapa.com\/#organization"},"image":{"@id":"https:\/\/www.taxapa.com\/sk\/taxapa-day-2q-2024\/#primaryimage"},"thumbnailUrl":"https:\/\/www.taxapa.com\/wp-content\/uploads\/2025\/01\/Snimka-obrazovky-2024-07-31-120321.jpg","articleSection":["Novinky"],"inLanguage":"sk-SK"},{"@type":"WebPage","@id":"https:\/\/www.taxapa.com\/sk\/taxapa-day-2q-2024\/","url":"https:\/\/www.taxapa.com\/sk\/taxapa-day-2q-2024\/","name":"TaXaPa Day - 2Q\/2024 - TaXaPa","isPartOf":{"@id":"https:\/\/www.taxapa.com\/#website"},"primaryImageOfPage":{"@id":"https:\/\/www.taxapa.com\/sk\/taxapa-day-2q-2024\/#primaryimage"},"image":{"@id":"https:\/\/www.taxapa.com\/sk\/taxapa-day-2q-2024\/#primaryimage"},"thumbnailUrl":"https:\/\/www.taxapa.com\/wp-content\/uploads\/2025\/01\/Snimka-obrazovky-2024-07-31-120321.jpg","datePublished":"2024-07-31T10:32:04+00:00","dateModified":"2025-03-11T13:21:13+00:00","breadcrumb":{"@id":"https:\/\/www.taxapa.com\/sk\/taxapa-day-2q-2024\/#breadcrumb"},"inLanguage":"sk-SK","potentialAction":[{"@type":"ReadAction","target":["https:\/\/www.taxapa.com\/sk\/taxapa-day-2q-2024\/"]}]},{"@type":"ImageObject","inLanguage":"sk-SK","@id":"https:\/\/www.taxapa.com\/sk\/taxapa-day-2q-2024\/#primaryimage","url":"https:\/\/www.taxapa.com\/wp-content\/uploads\/2025\/01\/Snimka-obrazovky-2024-07-31-120321.jpg","contentUrl":"https:\/\/www.taxapa.com\/wp-content\/uploads\/2025\/01\/Snimka-obrazovky-2024-07-31-120321.jpg","width":1120,"height":636},{"@type":"BreadcrumbList","@id":"https:\/\/www.taxapa.com\/sk\/taxapa-day-2q-2024\/#breadcrumb","itemListElement":[{"@type":"ListItem","position":1,"name":"Home","item":"https:\/\/www.taxapa.com\/"},{"@type":"ListItem","position":2,"name":"TaXaPa Day &#8211; 2Q\/2024"}]},{"@type":"WebSite","@id":"https:\/\/www.taxapa.com\/#website","url":"https:\/\/www.taxapa.com\/","name":"TaXaPa","description":"","publisher":{"@id":"https:\/\/www.taxapa.com\/#organization"},"potentialAction":[{"@type":"SearchAction","target":{"@type":"EntryPoint","urlTemplate":"https:\/\/www.taxapa.com\/?s={search_term_string}"},"query-input":{"@type":"PropertyValueSpecification","valueRequired":true,"valueName":"search_term_string"}}],"inLanguage":"sk-SK"},{"@type":"Organization","@id":"https:\/\/www.taxapa.com\/#organization","name":"TaXaPa","url":"https:\/\/www.taxapa.com\/","logo":{"@type":"ImageObject","inLanguage":"sk-SK","@id":"https:\/\/www.taxapa.com\/#\/schema\/logo\/image\/","url":"https:\/\/www.taxapa.com\/wp-content\/uploads\/2024\/10\/Layer_1.svg","contentUrl":"https:\/\/www.taxapa.com\/wp-content\/uploads\/2024\/10\/Layer_1.svg","width":221,"height":79,"caption":"TaXaPa"},"image":{"@id":"https:\/\/www.taxapa.com\/#\/schema\/logo\/image\/"},"sameAs":["https:\/\/www.facebook.com\/100063938983116\/","https:\/\/www.linkedin.com\/company\/69509777\/"]},{"@type":"Person","@id":"https:\/\/www.taxapa.com\/#\/schema\/person\/cf7716fed3bfa3fb486b0343afaaeba4","name":"Taxapa","image":{"@type":"ImageObject","inLanguage":"sk-SK","@id":"https:\/\/www.taxapa.com\/#\/schema\/person\/image\/","url":"https:\/\/secure.gravatar.com\/avatar\/4833e2363c5165777f503e2fd63904ed?s=96&r=g","contentUrl":"https:\/\/secure.gravatar.com\/avatar\/4833e2363c5165777f503e2fd63904ed?s=96&r=g","caption":"Taxapa"},"url":"https:\/\/www.taxapa.com\/sk\/author\/taxapa\/"}]}},"_links":{"self":[{"href":"https:\/\/www.taxapa.com\/sk\/wp-json\/wp\/v2\/posts\/2666","targetHints":{"allow":["GET"]}}],"collection":[{"href":"https:\/\/www.taxapa.com\/sk\/wp-json\/wp\/v2\/posts"}],"about":[{"href":"https:\/\/www.taxapa.com\/sk\/wp-json\/wp\/v2\/types\/post"}],"author":[{"embeddable":true,"href":"https:\/\/www.taxapa.com\/sk\/wp-json\/wp\/v2\/users\/2"}],"replies":[{"embeddable":true,"href":"https:\/\/www.taxapa.com\/sk\/wp-json\/wp\/v2\/comments?post=2666"}],"version-history":[{"count":1,"href":"https:\/\/www.taxapa.com\/sk\/wp-json\/wp\/v2\/posts\/2666\/revisions"}],"predecessor-version":[{"id":2667,"href":"https:\/\/www.taxapa.com\/sk\/wp-json\/wp\/v2\/posts\/2666\/revisions\/2667"}],"wp:featuredmedia":[{"embeddable":true,"href":"https:\/\/www.taxapa.com\/sk\/wp-json\/wp\/v2\/media\/2543"}],"wp:attachment":[{"href":"https:\/\/www.taxapa.com\/sk\/wp-json\/wp\/v2\/media?parent=2666"}],"wp:term":[{"taxonomy":"category","embeddable":true,"href":"https:\/\/www.taxapa.com\/sk\/wp-json\/wp\/v2\/categories?post=2666"},{"taxonomy":"post_tag","embeddable":true,"href":"https:\/\/www.taxapa.com\/sk\/wp-json\/wp\/v2\/tags?post=2666"}],"curies":[{"name":"wp","href":"https:\/\/api.w.org\/{rel}","templated":true}]}}